{"id":7812,"date":"2021-11-05T13:04:35","date_gmt":"2021-11-05T13:04:35","guid":{"rendered":"http:\/\/estheteclinic.com\/?p=7812"},"modified":"2024-04-24T10:26:55","modified_gmt":"2024-04-24T10:26:55","slug":"warum-entscheiden-sich-menschen-fuer-eine-nasenkorrektur","status":"publish","type":"post","link":"https:\/\/estheteclinic.com\/de\/warum-entscheiden-sich-menschen-fuer-eine-nasenkorrektur\/","title":{"rendered":"Warum entscheiden sich Menschen f\u00fcr eine Nasenkorrektur?"},"content":{"rendered":"<p>[vc_row css=&#8221;.vc_custom_1635928549757{margin-top: 50px !important;margin-bottom: 50px !important;}&#8221;][vc_column width=&#8221;2\/3&#8243; css=&#8221;.vc_custom_1635930211924{margin-bottom: 50px !important;}&#8221;][vc_column_text]Viele Menschen entscheiden sich f\u00fcr eine Nasenkorrektur, weil sie die Gr\u00f6\u00dfe oder Form ihrer Nase nicht m\u00f6gen; dies ist jedoch nicht der einzige Grund f\u00fcr eine solche Operation, und tats\u00e4chlich kann eine gute Nasenkorrektur jemandem helfen, der Atembeschwerden oder Probleme mit den Nebenh\u00f6hlen hat; denn oft verursacht eine Nasenscheidewandverkr\u00fcmmung diese Art von Problemen.<\/p>\n<p>Die Nasenscheidewand ist das d\u00fcnne St\u00fcck Gewebe in der Nase, das die beiden Nasenl\u00f6cher voneinander trennt. Wenn dieses Gewebe auf eine Seite verschoben ist, sind die beiden Seiten der Nasenh\u00f6hle ungleich gro\u00df; in schweren F\u00e4llen kann eine Person mit diesem Problem am Ende viele Nasennebenh\u00f6hleninfektionen, verstopfte Nebenh\u00f6hlen und sogar Atemprobleme haben.<\/p>\n<p>Die Korrektur der Nasenscheidewand ist f\u00fcr viele Menschen wichtig, da sie die Lebensqualit\u00e4t verbessert und das Auftreten von Nasen- und Nasennebenh\u00f6hleninfektionen reduziert, die sehr schw\u00e4chend sein k\u00f6nnen; die Nase kann auch durch einen Unfall besch\u00e4digt sein, wobei eine Nasenkorrektur helfen kann, die Strukturen neu zu modellieren, um eine \u00e4sthetisch ansprechende und gut funktionierende Nase zu erhalten.<\/p>\n<p>Eine Nasenkorrektur kann helfen, viele kosmetische Probleme im Zusammenhang mit der Nase zu beheben; zum Beispiel kann eine Person das Gef\u00fchl haben, dass ihre Nase schief oder zu gro\u00df ist; andere Gr\u00fcnde sind, dass eine Person schmalere Nasenl\u00f6cher oder einen geraderen Nasenr\u00fccken haben m\u00f6chte; ein rhinoplastischer Eingriff kann Ihnen helfen, sich selbstbewusster zu f\u00fchlen und Ihr Selbstwertgef\u00fchl zu verbessern.<\/p>\n<h2><strong>Arten von Nasenkorrekturen<\/strong><\/h2>\n<p>Es gibt zwei Haupttypen von Nasenkorrekturen, die man durchf\u00fchren lassen kann; entweder eine geschlossene oder eine offene Nasenkorrektur; nach M\u00f6glichkeit ist die geschlossene Nasenkorrektur vorzuziehen, da die Narben au\u00dfen nicht sichtbar sind, da alle Schnitte innerhalb der eigentlichen Nasenh\u00f6hle durchgef\u00fchrt werden.<\/p>\n<p>Obwohl eine geschlossene Nasenkorrektur bei vielen Menschen die Gr\u00f6\u00dfe und Form der Nase ver\u00e4ndern kann, trifft dies nicht immer zu, und manchmal ist eine invasivere Methode erforderlich; in diesen F\u00e4llen wird eine offene Nasenkorrektur durchgef\u00fchrt, bei der der Nasensteg durchtrennt und die Haut vom Nasenknorpel nach oben gezogen wird.<\/p>\n<p>Ihr Chirurg wird in der Lage sein, zu bestimmen, welches Verfahren der Rhinoplastik f\u00fcr Ihre Situation am besten geeignet ist, und sicherlich kann in einem komplexen Fall die offene Methode als die beste Option empfohlen werden.<\/p>\n<h2><strong>Wie bereiten Sie sich auf eine Nasenkorrektur vor?<\/strong><\/h2>\n<p>Bei der Konsultation wird Ihr Arzt Ihre Nase und alle beteiligten Strukturen, die durch die Rhinoplastik ver\u00e4ndert werden k\u00f6nnen, sorgf\u00e4ltig aufnehmen; oft m\u00fcssen viele Fotos gemacht werden und der Arzt wird Sie nach Ihrer gesamten Krankengeschichte fragen.<\/p>\n<p>Es ist auch wichtig, dass Sie bestimmte Medikamente und Schmerzmittel wie Ibuprofen und Aspirin etwa 14 Tage vor der Operation nicht mehr einnehmen, da diese Medikamente oft die Blutungsneigung erh\u00f6hen, was die Risiken der Operation vergr\u00f6\u00dfern k\u00f6nnte.<\/p>\n<h2><strong>Erholung nach einer Nasenkorrektur<\/strong><\/h2>\n<p>Es wird l\u00e4nger dauern, sich zu erholen, wenn eine Vollnarkose angewendet wurde und wenn Sie einen komplexeren Eingriff durchf\u00fchren lassen; die Nase wird eine Schiene haben, um die Struktur zu erhalten, und Sie k\u00f6nnen mit einigen Schmerzen und Blutungen danach rechnen; die Genesung dauert bei den meisten Menschen etwa eine Woche, wobei die Ergebnisse gut sind.[\/vc_column_text][\/vc_column][vc_column width=&#8221;1\/3&#8243; el_class=&#8221;sticky_contact_form_ttttt&#8221;]\n<div class=\"wpcf7 no-js\" id=\"wpcf7-f7798-o1\" lang=\"de-DE\" dir=\"ltr\">\n<div class=\"screen-reader-response\"><p role=\"status\" aria-live=\"polite\" aria-atomic=\"true\"><\/p> <ul><\/ul><\/div>\n<form action=\"\/de\/wp-json\/wp\/v2\/posts\/7812#wpcf7-f7798-o1\" method=\"post\" class=\"wpcf7-form init\" aria-label=\"Kontaktformular\" novalidate=\"novalidate\" data-status=\"init\">\n<div style=\"display: none;\">\n<input type=\"hidden\" name=\"_wpcf7\" value=\"7798\" \/>\n<input type=\"hidden\" name=\"_wpcf7_version\" value=\"5.9.6\" \/>\n<input type=\"hidden\" name=\"_wpcf7_locale\" value=\"de_DE\" \/>\n<input type=\"hidden\" name=\"_wpcf7_unit_tag\" value=\"wpcf7-f7798-o1\" \/>\n<input type=\"hidden\" name=\"_wpcf7_container_post\" value=\"0\" \/>\n<input type=\"hidden\" name=\"_wpcf7_posted_data_hash\" value=\"\" \/>\n<\/div>\n<div class=\"contact_form_sticky_cf7\">\n\t<h3 style=\"text-align:center;color:white;\">Kostenlose Beratung erhalten\n\t<\/h3>\n\t<p style=\"text-align:center;color:white;\">Bitte f\u00fcllen Sie das untenstehende Formular aus und wir werden Sie in K\u00fcrze kontaktieren\n\t<\/p>\n\t<div class=\"contact-page1 row\">\n\t\t<div class=\"col-sm-6\">\n\t\t\t<p><span class=\"wpcf7-form-control-wrap\" data-name=\"nameeeee\"><input size=\"40\" maxlength=\"80\" class=\"wpcf7-form-control wpcf7-text wpcf7-validates-as-required\" aria-required=\"true\" aria-invalid=\"false\" placeholder=\"Ihr Name*\" value=\"\" type=\"text\" name=\"nameeeee\" \/><\/span>\n\t\t\t<\/p>\n\t\t<\/div>\n\t\t<div class=\"col-sm-6\">\n\t\t\t<p><span class=\"wpcf7-form-control-wrap\" data-name=\"emaillll\"><input size=\"40\" maxlength=\"80\" class=\"wpcf7-form-control wpcf7-email wpcf7-text wpcf7-validates-as-email\" aria-invalid=\"false\" placeholder=\"E-Mail-Adresse\" value=\"\" type=\"email\" name=\"emaillll\" \/><\/span>\n\t\t\t<\/p>\n\t\t<\/div>\n\t\t<div class=\"col-sm-12\" style=\"padding-bottom:20px;\">\n\t\t\t<p>[phonetext* phoneeee numberonly]\n\t\t\t<\/p>\n\t\t<\/div>\n\t\t<div class=\"col-sm-12\">\n\t\t\t<p><span class=\"wpcf7-form-control-wrap\" data-name=\"messageeeeee\"><textarea cols=\"40\" rows=\"10\" maxlength=\"400\" class=\"wpcf7-form-control wpcf7-textarea\" aria-invalid=\"false\" placeholder=\"Nachricht\" name=\"messageeeeee\"><\/textarea><\/span>\n\t\t\t<\/p>\n\t\t<\/div>\n\t<\/div>\n\t<p><input class=\"wpcf7-form-control wpcf7-submit has-spinner\" type=\"submit\" value=\"ABSENDEN\" \/>\n\t<\/p>\n<\/div><div class=\"wpcf7-response-output\" aria-hidden=\"true\"><\/div>\n<\/form>\n<\/div>\n[\/vc_column][\/vc_row]<\/p>\n","protected":false},"excerpt":{"rendered":"<p>[vc_row css=&#8221;.vc_custom_1635928549757{margin-top: 50px !important;margin-bottom: 50px !important;}&#8221;][vc_column width=&#8221;2\/3&#8243; css=&#8221;.vc_custom_1635930211924{margin-bottom: 50px !important;}&#8221;][vc_column_text]Viele Menschen entscheiden sich f\u00fcr eine Nasenkorrektur, weil sie die Gr\u00f6\u00dfe oder Form ihrer Nase nicht m\u00f6gen; dies ist jedoch nicht der einzige Grund f\u00fcr eine solche Operation, und tats\u00e4chlich kann eine gute Nasenkorrektur jemandem helfen, der Atembeschwerden oder Probleme mit den Nebenh\u00f6hlen hat; denn oft&#8230;<\/p>\n","protected":false},"author":3,"featured_media":0,"comment_status":"open","ping_status":"open","sticky":false,"template":"","format":"standard","meta":{"footnotes":""},"categories":[128],"tags":[],"class_list":["post-7812","post","type-post","status-publish","format-standard","hentry","category-gesichtsbehandlungen"],"yoast_head":"<!-- This site is optimized with the Yoast SEO plugin v23.0 - https:\/\/yoast.com\/wordpress\/plugins\/seo\/ -->\n<title>Warum entscheiden sich Menschen f\u00fcr eine Nasenkorrektur? - Startseite<\/title>\n<meta name=\"robots\" content=\"index, follow, max-snippet:-1, max-image-preview:large, max-video-preview:-1\" \/>\n<link rel=\"canonical\" href=\"https:\/\/estheteclinic.com\/why-people-choose-to-have-a-rhinoplasty\/\" \/>\n<meta property=\"og:locale\" content=\"de_DE\" \/>\n<meta property=\"og:type\" content=\"article\" \/>\n<meta property=\"og:title\" content=\"Warum entscheiden sich Menschen f\u00fcr eine Nasenkorrektur? - Startseite\" \/>\n<meta property=\"og:description\" content=\"[vc_row css=&#8221;.vc_custom_1635928549757{margin-top: 50px !important;margin-bottom: 50px !important;}&#8221;][vc_column width=&#8221;2\/3&#8243; css=&#8221;.vc_custom_1635930211924{margin-bottom: 50px !important;}&#8221;][vc_column_text]Viele Menschen entscheiden sich f\u00fcr eine Nasenkorrektur, weil sie die Gr\u00f6\u00dfe oder Form ihrer Nase nicht m\u00f6gen; dies ist jedoch nicht der einzige Grund f\u00fcr eine solche Operation, und tats\u00e4chlich kann eine gute Nasenkorrektur jemandem helfen, der Atembeschwerden oder Probleme mit den Nebenh\u00f6hlen hat; denn oft...\" \/>\n<meta property=\"og:url\" content=\"https:\/\/estheteclinic.com\/why-people-choose-to-have-a-rhinoplasty\/\" \/>\n<meta property=\"og:site_name\" content=\"Startseite\" \/>\n<meta property=\"article:published_time\" content=\"2021-11-05T13:04:35+00:00\" \/>\n<meta property=\"article:modified_time\" content=\"2024-04-24T10:26:55+00:00\" \/>\n<meta name=\"author\" content=\"baris\" \/>\n<meta name=\"twitter:card\" content=\"summary_large_image\" \/>\n<meta name=\"twitter:label1\" content=\"Verfasst von\" \/>\n\t<meta name=\"twitter:data1\" content=\"baris\" \/>\n\t<meta name=\"twitter:label2\" content=\"Gesch\u00e4tzte Lesezeit\" \/>\n\t<meta name=\"twitter:data2\" content=\"3\u00a0Minuten\" \/>\n<script type=\"application\/ld+json\" class=\"yoast-schema-graph\">{\"@context\":\"https:\/\/schema.org\",\"@graph\":[{\"@type\":\"WebPage\",\"@id\":\"https:\/\/estheteclinic.com\/why-people-choose-to-have-a-rhinoplasty\/\",\"url\":\"https:\/\/estheteclinic.com\/why-people-choose-to-have-a-rhinoplasty\/\",\"name\":\"Warum entscheiden sich Menschen f\u00fcr eine Nasenkorrektur? - Startseite\",\"isPartOf\":{\"@id\":\"https:\/\/estheteclinic.com\/#website\"},\"datePublished\":\"2021-11-05T13:04:35+00:00\",\"dateModified\":\"2024-04-24T10:26:55+00:00\",\"author\":{\"@id\":\"https:\/\/estheteclinic.com\/#\/schema\/person\/547f227cc3dab01f12c198e4b3803b3f\"},\"breadcrumb\":{\"@id\":\"https:\/\/estheteclinic.com\/why-people-choose-to-have-a-rhinoplasty\/#breadcrumb\"},\"inLanguage\":\"de\",\"potentialAction\":[{\"@type\":\"ReadAction\",\"target\":[\"https:\/\/estheteclinic.com\/why-people-choose-to-have-a-rhinoplasty\/\"]}]},{\"@type\":\"BreadcrumbList\",\"@id\":\"https:\/\/estheteclinic.com\/why-people-choose-to-have-a-rhinoplasty\/#breadcrumb\",\"itemListElement\":[{\"@type\":\"ListItem\",\"position\":1,\"name\":\"Home\",\"item\":\"https:\/\/estheteclinic.com\/de\/\"},{\"@type\":\"ListItem\",\"position\":2,\"name\":\"Warum entscheiden sich Menschen f\u00fcr eine Nasenkorrektur?\"}]},{\"@type\":\"WebSite\",\"@id\":\"https:\/\/estheteclinic.com\/#website\",\"url\":\"https:\/\/estheteclinic.com\/\",\"name\":\"Startseite\",\"description\":\"Plastic Surgery &amp; Hair Transplant in Turkey\",\"potentialAction\":[{\"@type\":\"SearchAction\",\"target\":{\"@type\":\"EntryPoint\",\"urlTemplate\":\"https:\/\/estheteclinic.com\/?s={search_term_string}\"},\"query-input\":\"required name=search_term_string\"}],\"inLanguage\":\"de\"},{\"@type\":\"Person\",\"@id\":\"https:\/\/estheteclinic.com\/#\/schema\/person\/547f227cc3dab01f12c198e4b3803b3f\",\"name\":\"baris\",\"image\":{\"@type\":\"ImageObject\",\"inLanguage\":\"de\",\"@id\":\"https:\/\/estheteclinic.com\/#\/schema\/person\/image\/\",\"url\":\"https:\/\/secure.gravatar.com\/avatar\/56ac08d059a91c354f8dfd58936e2a8fefef9acedc1cbc5b3adf1aaeb75ef263?s=96&d=mm&r=g\",\"contentUrl\":\"https:\/\/secure.gravatar.com\/avatar\/56ac08d059a91c354f8dfd58936e2a8fefef9acedc1cbc5b3adf1aaeb75ef263?s=96&d=mm&r=g\",\"caption\":\"baris\"},\"url\":\"https:\/\/estheteclinic.com\/de\/author\/baris\/\"}]}<\/script>\n<!-- \/ Yoast SEO plugin. -->","yoast_head_json":{"title":"Warum entscheiden sich Menschen f\u00fcr eine Nasenkorrektur? - Startseite","robots":{"index":"index","follow":"follow","max-snippet":"max-snippet:-1","max-image-preview":"max-image-preview:large","max-video-preview":"max-video-preview:-1"},"canonical":"https:\/\/estheteclinic.com\/why-people-choose-to-have-a-rhinoplasty\/","og_locale":"de_DE","og_type":"article","og_title":"Warum entscheiden sich Menschen f\u00fcr eine Nasenkorrektur? - Startseite","og_description":"[vc_row css=&#8221;.vc_custom_1635928549757{margin-top: 50px !important;margin-bottom: 50px !important;}&#8221;][vc_column width=&#8221;2\/3&#8243; css=&#8221;.vc_custom_1635930211924{margin-bottom: 50px !important;}&#8221;][vc_column_text]Viele Menschen entscheiden sich f\u00fcr eine Nasenkorrektur, weil sie die Gr\u00f6\u00dfe oder Form ihrer Nase nicht m\u00f6gen; dies ist jedoch nicht der einzige Grund f\u00fcr eine solche Operation, und tats\u00e4chlich kann eine gute Nasenkorrektur jemandem helfen, der Atembeschwerden oder Probleme mit den Nebenh\u00f6hlen hat; denn oft...","og_url":"https:\/\/estheteclinic.com\/why-people-choose-to-have-a-rhinoplasty\/","og_site_name":"Startseite","article_published_time":"2021-11-05T13:04:35+00:00","article_modified_time":"2024-04-24T10:26:55+00:00","author":"baris","twitter_card":"summary_large_image","twitter_misc":{"Verfasst von":"baris","Gesch\u00e4tzte Lesezeit":"3\u00a0Minuten"},"schema":{"@context":"https:\/\/schema.org","@graph":[{"@type":"WebPage","@id":"https:\/\/estheteclinic.com\/why-people-choose-to-have-a-rhinoplasty\/","url":"https:\/\/estheteclinic.com\/why-people-choose-to-have-a-rhinoplasty\/","name":"Warum entscheiden sich Menschen f\u00fcr eine Nasenkorrektur? - Startseite","isPartOf":{"@id":"https:\/\/estheteclinic.com\/#website"},"datePublished":"2021-11-05T13:04:35+00:00","dateModified":"2024-04-24T10:26:55+00:00","author":{"@id":"https:\/\/estheteclinic.com\/#\/schema\/person\/547f227cc3dab01f12c198e4b3803b3f"},"breadcrumb":{"@id":"https:\/\/estheteclinic.com\/why-people-choose-to-have-a-rhinoplasty\/#breadcrumb"},"inLanguage":"de","potentialAction":[{"@type":"ReadAction","target":["https:\/\/estheteclinic.com\/why-people-choose-to-have-a-rhinoplasty\/"]}]},{"@type":"BreadcrumbList","@id":"https:\/\/estheteclinic.com\/why-people-choose-to-have-a-rhinoplasty\/#breadcrumb","itemListElement":[{"@type":"ListItem","position":1,"name":"Home","item":"https:\/\/estheteclinic.com\/de\/"},{"@type":"ListItem","position":2,"name":"Warum entscheiden sich Menschen f\u00fcr eine Nasenkorrektur?"}]},{"@type":"WebSite","@id":"https:\/\/estheteclinic.com\/#website","url":"https:\/\/estheteclinic.com\/","name":"Startseite","description":"Plastic Surgery &amp; Hair Transplant in Turkey","potentialAction":[{"@type":"SearchAction","target":{"@type":"EntryPoint","urlTemplate":"https:\/\/estheteclinic.com\/?s={search_term_string}"},"query-input":"required name=search_term_string"}],"inLanguage":"de"},{"@type":"Person","@id":"https:\/\/estheteclinic.com\/#\/schema\/person\/547f227cc3dab01f12c198e4b3803b3f","name":"baris","image":{"@type":"ImageObject","inLanguage":"de","@id":"https:\/\/estheteclinic.com\/#\/schema\/person\/image\/","url":"https:\/\/secure.gravatar.com\/avatar\/56ac08d059a91c354f8dfd58936e2a8fefef9acedc1cbc5b3adf1aaeb75ef263?s=96&d=mm&r=g","contentUrl":"https:\/\/secure.gravatar.com\/avatar\/56ac08d059a91c354f8dfd58936e2a8fefef9acedc1cbc5b3adf1aaeb75ef263?s=96&d=mm&r=g","caption":"baris"},"url":"https:\/\/estheteclinic.com\/de\/author\/baris\/"}]}},"_links":{"self":[{"href":"https:\/\/estheteclinic.com\/de\/wp-json\/wp\/v2\/posts\/7812","targetHints":{"allow":["GET"]}}],"collection":[{"href":"https:\/\/estheteclinic.com\/de\/wp-json\/wp\/v2\/posts"}],"about":[{"href":"https:\/\/estheteclinic.com\/de\/wp-json\/wp\/v2\/types\/post"}],"author":[{"embeddable":true,"href":"https:\/\/estheteclinic.com\/de\/wp-json\/wp\/v2\/users\/3"}],"replies":[{"embeddable":true,"href":"https:\/\/estheteclinic.com\/de\/wp-json\/wp\/v2\/comments?post=7812"}],"version-history":[{"count":2,"href":"https:\/\/estheteclinic.com\/de\/wp-json\/wp\/v2\/posts\/7812\/revisions"}],"predecessor-version":[{"id":8395,"href":"https:\/\/estheteclinic.com\/de\/wp-json\/wp\/v2\/posts\/7812\/revisions\/8395"}],"wp:attachment":[{"href":"https:\/\/estheteclinic.com\/de\/wp-json\/wp\/v2\/media?parent=7812"}],"wp:term":[{"taxonomy":"category","embeddable":true,"href":"https:\/\/estheteclinic.com\/de\/wp-json\/wp\/v2\/categories?post=7812"},{"taxonomy":"post_tag","embeddable":true,"href":"https:\/\/estheteclinic.com\/de\/wp-json\/wp\/v2\/tags?post=7812"}],"curies":[{"name":"wp","href":"https:\/\/api.w.org\/{rel}","templated":true}]}}