{"id":11742,"date":"2024-03-21T09:55:20","date_gmt":"2024-03-21T09:55:20","guid":{"rendered":"http:\/\/estheteclinic.com\/?p=11742"},"modified":"2025-04-22T14:51:01","modified_gmt":"2025-04-22T14:51:01","slug":"linea-del-cabello-madura-vs-entradas","status":"publish","type":"post","link":"https:\/\/estheteclinic.com\/es\/linea-del-cabello-madura-vs-entradas\/","title":{"rendered":"L\u00ednea del Cabello Madura vs Entradas"},"content":{"rendered":"<p>El cabello es un componente muy importante en la apariencia de un individuo. Los hombres tienen miedo de quedarse calvos a medida que envejecen. La ca\u00edda del cabello es un problema com\u00fan, las estad\u00edsticas mostraron que los hombres entre 18-29 a\u00f1os sufren una p\u00e9rdida de cabello del 16 por ciento y los que tienen 40 a\u00f1os o m\u00e1s pierden el cabello a una tasa del 53%. Sin embargo, no toda la ca\u00edda del cabello es id\u00e9ntica. Es importante comprender la diferencia entre una l\u00ednea de cabello normal y una que retrocede al tratar cualquier problema de p\u00e9rdida capilar.<\/p>\n<h2>\u00bfQu\u00e9 es una l\u00ednea de cabello madura?<\/h2>\n<p>Una vez que un joven alcanza los \u00faltimos a\u00f1os de la adolescencia hasta los veinte a\u00f1os, es probable que desarrolle lo que se llama la l\u00ednea del cabello madura. Este se caracteriza por un ligero movimiento de la l\u00ednea del cabello hacia arriba, especialmente sobre las sienes, lo que le da un aspecto m\u00e1s sobrio y adulto. Este proceso se considera est\u00e1ndar y no se relaciona con la p\u00e9rdida de cabello o el patr\u00f3n masculino de la calvicie.<\/p>\n<h2>\u00bfQu\u00e9 son las entradas?<\/h2>\n<p>La calvicie de patr\u00f3n masculino es una afecci\u00f3n hereditaria que afecta el crecimiento del cabello. Una l\u00ednea retra\u00edda o pico de viuda alrededor de la frente son signos tempranos de ello. Uno de sus s\u00edntomas es que hay una p\u00e9rdida constante de cabello que comienza lentamente desde las sienes y la frente, formando una &#8220;M&#8221; o, a diferencia de una l\u00ednea del cabello completamente formada, por ejemplo, una l\u00ednea del cabello con entradas es causada por el adelgazamiento del cabello y puede ser alarmante para quienes pasan por eso.<\/p>\n<p>Para comprender mejor la diferencia entre una l\u00ednea de cabello madura y una l\u00ednea con entradas, comparemos sus caracter\u00edsticas:<\/p>\n<table cellspacing=\"0\" cellpadding=\"0\">\n<tbody>\n<tr>\n<td valign=\"middle\"><strong>Caracter\u00edstica<\/strong><\/td>\n<td valign=\"middle\"><strong>L\u00ednea del cabello madura<\/strong><\/td>\n<td valign=\"middle\"><strong>L\u00ednea del cabello con entradas<\/strong><\/td>\n<\/tr>\n<tr>\n<td valign=\"middle\"><strong>Definici\u00f3n<\/strong><\/td>\n<td valign=\"middle\">Un cambio natural en la l\u00ednea del cabello a medida que los hombres envejecen, generalmente entre finales de la adolescencia y principios de los veinte a\u00f1os.<\/td>\n<td valign=\"middle\">P\u00e9rdida progresiva de cabello debido a la calvicie masculina, comenzando en las sienes y la frente.<\/td>\n<\/tr>\n<tr>\n<td valign=\"middle\"><strong>Causa<\/strong><\/td>\n<td valign=\"middle\">Parte del proceso normal de envejecimiento.<\/td>\n<td valign=\"middle\">A menudo causada por la gen\u00e9tica, las hormonas (DHT) y otros factores como el estr\u00e9s y la mala nutrici\u00f3n.<\/td>\n<\/tr>\n<tr>\n<td valign=\"middle\"><strong>Apariencia<\/strong><\/td>\n<td valign=\"middle\">Ligero desplazamiento de la l\u00ednea del cabello hacia arriba, particularmente en las sienes, lo que da como resultado una forma m\u00e1s definida.<\/td>\n<td valign=\"middle\">P\u00e9rdida de cabello que comienza en las sienes y la frente, formando eventualmente una forma de &#8221; M &#8221; o &#8220;U&#8221;.<\/td>\n<\/tr>\n<tr>\n<td valign=\"middle\"><strong>Asociaci\u00f3n con la ca\u00edda del cabello<\/strong><\/td>\n<td valign=\"middle\">No se asocia con p\u00e9rdida de cabello o calvicie masculina.<\/td>\n<td valign=\"middle\">Directamente asociada con la ca\u00edda del cabello y el patr\u00f3n masculino de calvicie.<\/td>\n<\/tr>\n<tr>\n<td valign=\"middle\"><strong>Tratamiento \/ Intervenci\u00f3n<\/strong><\/td>\n<td valign=\"middle\">Por lo general, no se necesita intervenci\u00f3n ya que es una parte natural del envejecimiento.<\/td>\n<td valign=\"middle\">Varias opciones de tratamiento, incluidos medicamentos (minoxidil, finasterida), terapia con l\u00e1ser, cirug\u00eda de trasplante capilar y rutinas naturales de cuidado del cabello, como la rutina de crecimiento del cabello de Scandinavian Biolabs para hombres.<\/td>\n<\/tr>\n<\/tbody>\n<\/table>\n<h2>\u00bfC\u00f3mo determinar si la l\u00ednea del cabello est\u00e1 madurando o retrocediendo?<\/h2>\n<p>El patr\u00f3n y la gravedad de la ca\u00edda del cabello son importantes para determinar si la l\u00ednea del cabello est\u00e1 madurando o est\u00e1n apareciendo entradas. Una l\u00ednea de cabello madura generalmente implica un ligero cambio en la ubicaci\u00f3n donde se unen los pelos y, por lo tanto, crea una forma bien definida, mientras que una l\u00ednea de cabello que retrocede implica una p\u00e9rdida significativa, adelgazamiento y cambios en la direcci\u00f3n que producen generalmente un dise\u00f1o en M o en U.<\/p>\n<h3>Apariencia<\/h3>\n<p>Una l\u00ednea de cabello madura no modifica la posici\u00f3n original de la l\u00ednea del cabello en m\u00e1s de 2 cm. Es posible que sufra de entradas si ocurre esto. Otro problema que puede hacerle parecer mayor a su edad real es la recesi\u00f3n de la l\u00ednea del cabello.<\/p>\n<h3>Edad<\/h3>\n<p>Si el inicio de la ca\u00edda del cabello ocurre en la adolescencia, podr\u00e1s saber que se debe a la maduraci\u00f3n y no son entradas. Si experimentas una p\u00e9rdida de cabello inusualmente intensa al final de la adolescencia y principios de los veinte, probablemente te est\u00e9n apareciendo las entradas. Por el contrario, si toda tu l\u00ednea de cabello retrocede en a\u00f1os posteriores, entonces eso se considera una l\u00ednea capilar madura.<\/p>\n<h3>Antecedentes familiares<\/h3>\n<p>La p\u00e9rdida de cabello se ve muy afectada por la gen\u00e9tica. La investigaci\u00f3n del gen de la calvicie en gemelos mostr\u00f3 que el 80 por ciento de los patrones masculinos son causados por la gen\u00e9tica. Si puede notar un patr\u00f3n de entradas similar al de sus parientes, es probable que est\u00e9 experimentando un retroceso de la l\u00ednea del cabello.<\/p>\n<h2>\u00bfQu\u00e9 hacer si comienzan a aparecer las entradas?<\/h2>\n<p><a href=\"https:\/\/estheteclinic.com\/wp-content\/uploads\/2025\/04\/esthete-hair-transplant-before-after-1024x806.jpg\"><img fetchpriority=\"high\" decoding=\"async\" class=\"aligncenter wp-image-13416 size-large\" src=\"https:\/\/estheteclinic.com\/wp-content\/uploads\/2025\/04\/esthete-hair-transplant-before-after-1024x806.jpg\" alt=\"\" width=\"1024\" height=\"806\" srcset=\"https:\/\/estheteclinic.com\/wp-content\/uploads\/2025\/04\/esthete-hair-transplant-before-after-1024x806.jpg 1024w, https:\/\/estheteclinic.com\/wp-content\/uploads\/2025\/04\/esthete-hair-transplant-before-after-300x236.jpg 300w, https:\/\/estheteclinic.com\/wp-content\/uploads\/2025\/04\/esthete-hair-transplant-before-after-768x604.jpg 768w, https:\/\/estheteclinic.com\/wp-content\/uploads\/2025\/04\/esthete-hair-transplant-before-after-1536x1208.jpg 1536w, https:\/\/estheteclinic.com\/wp-content\/uploads\/2025\/04\/esthete-hair-transplant-before-after-600x472.jpg 600w, https:\/\/estheteclinic.com\/wp-content\/uploads\/2025\/04\/esthete-hair-transplant-before-after.jpg 2034w\" sizes=\"(max-width: 1024px) 100vw, 1024px\" \/><\/a><\/p>\n<p>Si tienes entradas, hay varios pasos que puedes seguir para tratar el problema:<\/p>\n<ul>\n<li>Consulta a un profesional de la salud: consulta a un dermat\u00f3logo o especialista en p\u00e9rdida de cabello para analizar tus inquietudes y averiguar qu\u00e9 pasos ser\u00edan los m\u00e1s convenientes para ti.<\/li>\n<li>Explora las opciones de tratamiento: seg\u00fan el grado de p\u00e9rdida de cabello, tu proveedor de atenci\u00f3n m\u00e9dica podr\u00eda sugerirte procedimientos como minoxidil, finasterida, terapia con l\u00e1ser o incluso un trasplante.<\/li>\n<li>Mant\u00e9n un estilo de vida saludable: adopta una dieta balanceada, haz ejercicio regularmente, controla el estr\u00e9s y asegura un sue\u00f1o adecuado para mantener la salud del cabello, a menudo antes de que comience la p\u00e9rdida capilar.<\/li>\n<li>S\u00e9 gentil con tu cabello: usa un peine de dientes anchos, evita los peinados ajustados o los tratamientos t\u00e9rmicos y selecciona productos delicados para el cuidado capilar para reducir a\u00fan m\u00e1s el estr\u00e9s en tu cabello.<\/li>\n<\/ul>\n<p>Lee tambi\u00e9n :\u00a0<a href=\"https:\/\/estheteclinic.com\/es\/despues-del-trasplante-capilar\/\">ANTES Y DESPU\u00c9S DEL TRASPLANTE CAPILAR: QU\u00c9 ESPERAR<\/a><\/p>\n<h2>\u00bfC\u00f3mo detener la ca\u00edda del cabello?<\/h2>\n<p>Para detener la ca\u00edda del cabello, hay varias opciones de tratamiento disponibles:<\/p>\n<ul>\n<li><strong>Tratamientos de venta libre:<\/strong>\u00a0el minoxidil (Rogaine) es un tratamiento t\u00f3pico aprobado por la FDA que se aplica en el cuero cabelludo para ayudar a disminuir la tasa de p\u00e9rdida de cabello y estimular un nuevo crecimiento.<\/li>\n<\/ul>\n<ul>\n<li><strong>Medicamentos recetados:<\/strong>\u00a0la <a href=\"https:\/\/medlineplus.gov\/spanish\/druginfo\/meds\/a698016-es.html\">finasterida<\/a> (Propecia) es un medicamento en p\u00edldora aceptado por la FDA; bloquea la transformaci\u00f3n de la testosterona en dihidrotestosterona, DHT, una hormona que causa la ca\u00edda del cabello. Consulta a tu proveedor de atenci\u00f3n m\u00e9dica para averiguar si este tratamiento es adecuado para ti.<\/li>\n<\/ul>\n<ul>\n<li><strong>Terapia con l\u00e1ser:<\/strong>\u00a0se ha demostrado que la terapia con luz de bajo nivel (LLLT, por sus siglas en ingl\u00e9s) es eficaz para promover el crecimiento del cabello al mejorar el flujo sangu\u00edneo y la actividad celular en el cuero cabelludo. Los dispositivos l\u00e1ser en el hogar incluyen peines, gorras o cascos que se pueden usar para aplicar el tratamiento todos los d\u00edas y lograr resultados positivos.<\/li>\n<\/ul>\n<p>\u200bEs esencial buscar asesoramiento m\u00e9dico de un proveedor de salud para que puedas recibir sugerencias personalizadas sobre las diferentes alternativas de tratamiento y evaluar sus ventajas y desventajas antes de elegir una.<\/p>\n<h2>\u00bfC\u00f3mo evitar la formaci\u00f3n de entradas?<\/h2>\n<p>Si bien es posible que no siempre se pueda prevenir la ca\u00edda del cabello, hay pasos que puede seguir para reducir el riesgo o retrasar su progresi\u00f3n.:<\/p>\n<ul>\n<li><strong>Mantener un estilo de vida saludable:<\/strong>\u00a0mant\u00e9n una dieta equilibrada rica en vitaminas y minerales, haz ejercicio con regularidad y aseg\u00farate de dormir lo suficiente.<\/li>\n<\/ul>\n<ul>\n<li><strong>Evita los peinados apretados:<\/strong>\u00a0las coletas y trenzas apretadas, estilos que tiran del cabello, pueden causar alopecia por tracci\u00f3n y, por lo tanto, promover la formaci\u00f3n de entradas.<\/li>\n<\/ul>\n<ul>\n<li><strong>S\u00e9 gentil al peinarse:<\/strong>\u00a0al peinarse, usa un peine de dientes anchos y limita la cantidad de calor o tratamientos qu\u00edmicos que te apliques.<\/li>\n<\/ul>\n<ul>\n<li><strong>Manejar el estr\u00e9s:<\/strong>\u00a0los altos niveles de estr\u00e9s pueden provocar la ca\u00edda del cabello, as\u00ed que prueba actividades que te ayuden a reducir tu alto nivel de tensi\u00f3n, como la meditaci\u00f3n, el ejercicio f\u00edsico o el yoga.<\/li>\n<\/ul>\n<h3>Conclusi\u00f3n<\/h3>\n<p>Debe determinarse si la l\u00ednea del cabello es madura o est\u00e1 retrocediendo para abordar los problemas asociados con la ca\u00edda capilar. Si bien una l\u00ednea de cabello madura es solo una parte del proceso natural de envejecimiento, las entradas suelen ser se\u00f1ales tempranas de que un individuo podr\u00eda estar perdiendo sus fr\u00e1giles mechones debido a la calvicie masculina. Si te est\u00e1n apareciendo entradas, busca asesor\u00eda m\u00e9dica para analizar qu\u00e9 se puede hacer y tambi\u00e9n mantenerte saludable, comiendo bien para tener un buen cabello.<\/p>\n<p>Esthete Clinic se enorgullece de ser una de las cl\u00ednicas de trasplante capilar con m\u00e1s a\u00f1os de servicio en Turqu\u00eda. Nuestro equipo de profesionales m\u00e9dicos ha ayudado a contribuir al avance de la restauraci\u00f3n capilar en el pa\u00eds y tiene m\u00e1s de 12 a\u00f1os de experiencia trabajando juntos.<\/p>\n<p>Recuerda que no hay dos viajes de p\u00e9rdida de cabello iguales, por lo que el asesoramiento profesional adaptado a la situaci\u00f3n de cada individuo es primordial para determinar qu\u00e9 opciones ser\u00e1n las mejores.<\/p>\n","protected":false},"excerpt":{"rendered":"<p>El cabello es un componente muy importante en la apariencia de un individuo. Los hombres tienen miedo de quedarse calvos a medida que envejecen. La ca\u00edda del cabello es un problema com\u00fan, las estad\u00edsticas mostraron que los hombres entre 18-29 a\u00f1os sufren una p\u00e9rdida de cabello del 16 por ciento y los que tienen 40&#8230;<\/p>\n","protected":false},"author":5,"featured_media":9807,"comment_status":"open","ping_status":"open","sticky":false,"template":"","format":"standard","meta":{"footnotes":""},"categories":[132],"tags":[141],"class_list":["post-11742","post","type-post","status-publish","format-standard","has-post-thumbnail","hentry","category-tratamientos-capilares","tag-trasplante-capilar"],"yoast_head":"<!-- This site is optimized with the Yoast SEO plugin v23.0 - https:\/\/yoast.com\/wordpress\/plugins\/seo\/ -->\n<title>L\u00ednea del Cabello Madura vs Entradas - Inicio<\/title>\n<meta name=\"description\" content=\"Descubra l\u00ednea del Cabello Madura vs Entradas, y soluciones efectivas para un enfoque seguro en el cuidado del cabello.\" \/>\n<meta name=\"robots\" content=\"index, follow, max-snippet:-1, max-image-preview:large, max-video-preview:-1\" \/>\n<link rel=\"canonical\" href=\"https:\/\/estheteclinic.com\/es\/linea-del-cabello-madura-vs-entradas\/\" \/>\n<meta property=\"og:locale\" content=\"es_ES\" \/>\n<meta property=\"og:type\" content=\"article\" \/>\n<meta property=\"og:title\" content=\"L\u00ednea del Cabello Madura vs Entradas - Inicio\" \/>\n<meta property=\"og:description\" content=\"Descubra l\u00ednea del Cabello Madura vs Entradas, y soluciones efectivas para un enfoque seguro en el cuidado del cabello.\" \/>\n<meta property=\"og:url\" content=\"https:\/\/estheteclinic.com\/es\/linea-del-cabello-madura-vs-entradas\/\" \/>\n<meta property=\"og:site_name\" content=\"Inicio\" \/>\n<meta property=\"article:published_time\" content=\"2024-03-21T09:55:20+00:00\" \/>\n<meta property=\"article:modified_time\" content=\"2025-04-22T14:51:01+00:00\" \/>\n<meta property=\"og:image\" content=\"https:\/\/estheteclinic.com\/wp-content\/uploads\/2024\/02\/mature-hairline-vs.-receding--scaled.jpg\" \/>\n\t<meta property=\"og:image:width\" content=\"2560\" \/>\n\t<meta property=\"og:image:height\" content=\"1707\" \/>\n\t<meta property=\"og:image:type\" content=\"image\/jpeg\" \/>\n<meta name=\"author\" content=\"wafaa\" \/>\n<meta name=\"twitter:card\" content=\"summary_large_image\" \/>\n<meta name=\"twitter:label1\" content=\"Escrito por\" \/>\n\t<meta name=\"twitter:data1\" content=\"wafaa\" \/>\n\t<meta name=\"twitter:label2\" content=\"Tiempo de lectura\" \/>\n\t<meta name=\"twitter:data2\" content=\"7 minutos\" \/>\n<script type=\"application\/ld+json\" class=\"yoast-schema-graph\">{\"@context\":\"https:\/\/schema.org\",\"@graph\":[{\"@type\":\"WebPage\",\"@id\":\"https:\/\/estheteclinic.com\/es\/linea-del-cabello-madura-vs-entradas\/\",\"url\":\"https:\/\/estheteclinic.com\/es\/linea-del-cabello-madura-vs-entradas\/\",\"name\":\"L\u00ednea del Cabello Madura vs Entradas - Inicio\",\"isPartOf\":{\"@id\":\"https:\/\/estheteclinic.com\/#website\"},\"primaryImageOfPage\":{\"@id\":\"https:\/\/estheteclinic.com\/es\/linea-del-cabello-madura-vs-entradas\/#primaryimage\"},\"image\":{\"@id\":\"https:\/\/estheteclinic.com\/es\/linea-del-cabello-madura-vs-entradas\/#primaryimage\"},\"thumbnailUrl\":\"https:\/\/estheteclinic.com\/wp-content\/uploads\/2024\/02\/mature-hairline-vs.-receding--scaled.jpg\",\"datePublished\":\"2024-03-21T09:55:20+00:00\",\"dateModified\":\"2025-04-22T14:51:01+00:00\",\"author\":{\"@id\":\"https:\/\/estheteclinic.com\/#\/schema\/person\/8cb4a12ad4902b5d63c39cc1848ad5c5\"},\"description\":\"Descubra l\u00ednea del Cabello Madura vs Entradas, y soluciones efectivas para un enfoque seguro en el cuidado del cabello.\",\"breadcrumb\":{\"@id\":\"https:\/\/estheteclinic.com\/es\/linea-del-cabello-madura-vs-entradas\/#breadcrumb\"},\"inLanguage\":\"es\",\"potentialAction\":[{\"@type\":\"ReadAction\",\"target\":[\"https:\/\/estheteclinic.com\/es\/linea-del-cabello-madura-vs-entradas\/\"]}]},{\"@type\":\"ImageObject\",\"inLanguage\":\"es\",\"@id\":\"https:\/\/estheteclinic.com\/es\/linea-del-cabello-madura-vs-entradas\/#primaryimage\",\"url\":\"https:\/\/estheteclinic.com\/wp-content\/uploads\/2024\/02\/mature-hairline-vs.-receding--scaled.jpg\",\"contentUrl\":\"https:\/\/estheteclinic.com\/wp-content\/uploads\/2024\/02\/mature-hairline-vs.-receding--scaled.jpg\",\"width\":2560,\"height\":1707,\"caption\":\"The head of a balding man before and after hair transplant surgery. A man losing his hair has become shaggy. An advertising poster for a hair transplant clinic. Treatment of baldness\"},{\"@type\":\"BreadcrumbList\",\"@id\":\"https:\/\/estheteclinic.com\/es\/linea-del-cabello-madura-vs-entradas\/#breadcrumb\",\"itemListElement\":[{\"@type\":\"ListItem\",\"position\":1,\"name\":\"Home\",\"item\":\"https:\/\/estheteclinic.com\/es\/\"},{\"@type\":\"ListItem\",\"position\":2,\"name\":\"L\u00ednea del Cabello Madura vs Entradas\"}]},{\"@type\":\"WebSite\",\"@id\":\"https:\/\/estheteclinic.com\/#website\",\"url\":\"https:\/\/estheteclinic.com\/\",\"name\":\"Inicio\",\"description\":\"Plastic Surgery &amp; Hair Transplant in Turkey\",\"potentialAction\":[{\"@type\":\"SearchAction\",\"target\":{\"@type\":\"EntryPoint\",\"urlTemplate\":\"https:\/\/estheteclinic.com\/?s={search_term_string}\"},\"query-input\":\"required name=search_term_string\"}],\"inLanguage\":\"es\"},{\"@type\":\"Person\",\"@id\":\"https:\/\/estheteclinic.com\/#\/schema\/person\/8cb4a12ad4902b5d63c39cc1848ad5c5\",\"name\":\"wafaa\",\"image\":{\"@type\":\"ImageObject\",\"inLanguage\":\"es\",\"@id\":\"https:\/\/estheteclinic.com\/#\/schema\/person\/image\/\",\"url\":\"https:\/\/secure.gravatar.com\/avatar\/07080bd8a15823b1eedc34fdaefa0595d3186dbfaea174d042d4913de21ab4e2?s=96&d=mm&r=g\",\"contentUrl\":\"https:\/\/secure.gravatar.com\/avatar\/07080bd8a15823b1eedc34fdaefa0595d3186dbfaea174d042d4913de21ab4e2?s=96&d=mm&r=g\",\"caption\":\"wafaa\"},\"url\":\"https:\/\/estheteclinic.com\/es\/author\/wafaa\/\"}]}<\/script>\n<!-- \/ Yoast SEO plugin. -->","yoast_head_json":{"title":"L\u00ednea del Cabello Madura vs Entradas - Inicio","description":"Descubra l\u00ednea del Cabello Madura vs Entradas, y soluciones efectivas para un enfoque seguro en el cuidado del cabello.","robots":{"index":"index","follow":"follow","max-snippet":"max-snippet:-1","max-image-preview":"max-image-preview:large","max-video-preview":"max-video-preview:-1"},"canonical":"https:\/\/estheteclinic.com\/es\/linea-del-cabello-madura-vs-entradas\/","og_locale":"es_ES","og_type":"article","og_title":"L\u00ednea del Cabello Madura vs Entradas - Inicio","og_description":"Descubra l\u00ednea del Cabello Madura vs Entradas, y soluciones efectivas para un enfoque seguro en el cuidado del cabello.","og_url":"https:\/\/estheteclinic.com\/es\/linea-del-cabello-madura-vs-entradas\/","og_site_name":"Inicio","article_published_time":"2024-03-21T09:55:20+00:00","article_modified_time":"2025-04-22T14:51:01+00:00","og_image":[{"width":2560,"height":1707,"url":"https:\/\/estheteclinic.com\/wp-content\/uploads\/2024\/02\/mature-hairline-vs.-receding--scaled.jpg","type":"image\/jpeg"}],"author":"wafaa","twitter_card":"summary_large_image","twitter_misc":{"Escrito por":"wafaa","Tiempo de lectura":"7 minutos"},"schema":{"@context":"https:\/\/schema.org","@graph":[{"@type":"WebPage","@id":"https:\/\/estheteclinic.com\/es\/linea-del-cabello-madura-vs-entradas\/","url":"https:\/\/estheteclinic.com\/es\/linea-del-cabello-madura-vs-entradas\/","name":"L\u00ednea del Cabello Madura vs Entradas - Inicio","isPartOf":{"@id":"https:\/\/estheteclinic.com\/#website"},"primaryImageOfPage":{"@id":"https:\/\/estheteclinic.com\/es\/linea-del-cabello-madura-vs-entradas\/#primaryimage"},"image":{"@id":"https:\/\/estheteclinic.com\/es\/linea-del-cabello-madura-vs-entradas\/#primaryimage"},"thumbnailUrl":"https:\/\/estheteclinic.com\/wp-content\/uploads\/2024\/02\/mature-hairline-vs.-receding--scaled.jpg","datePublished":"2024-03-21T09:55:20+00:00","dateModified":"2025-04-22T14:51:01+00:00","author":{"@id":"https:\/\/estheteclinic.com\/#\/schema\/person\/8cb4a12ad4902b5d63c39cc1848ad5c5"},"description":"Descubra l\u00ednea del Cabello Madura vs Entradas, y soluciones efectivas para un enfoque seguro en el cuidado del cabello.","breadcrumb":{"@id":"https:\/\/estheteclinic.com\/es\/linea-del-cabello-madura-vs-entradas\/#breadcrumb"},"inLanguage":"es","potentialAction":[{"@type":"ReadAction","target":["https:\/\/estheteclinic.com\/es\/linea-del-cabello-madura-vs-entradas\/"]}]},{"@type":"ImageObject","inLanguage":"es","@id":"https:\/\/estheteclinic.com\/es\/linea-del-cabello-madura-vs-entradas\/#primaryimage","url":"https:\/\/estheteclinic.com\/wp-content\/uploads\/2024\/02\/mature-hairline-vs.-receding--scaled.jpg","contentUrl":"https:\/\/estheteclinic.com\/wp-content\/uploads\/2024\/02\/mature-hairline-vs.-receding--scaled.jpg","width":2560,"height":1707,"caption":"The head of a balding man before and after hair transplant surgery. A man losing his hair has become shaggy. An advertising poster for a hair transplant clinic. Treatment of baldness"},{"@type":"BreadcrumbList","@id":"https:\/\/estheteclinic.com\/es\/linea-del-cabello-madura-vs-entradas\/#breadcrumb","itemListElement":[{"@type":"ListItem","position":1,"name":"Home","item":"https:\/\/estheteclinic.com\/es\/"},{"@type":"ListItem","position":2,"name":"L\u00ednea del Cabello Madura vs Entradas"}]},{"@type":"WebSite","@id":"https:\/\/estheteclinic.com\/#website","url":"https:\/\/estheteclinic.com\/","name":"Inicio","description":"Plastic Surgery &amp; Hair Transplant in Turkey","potentialAction":[{"@type":"SearchAction","target":{"@type":"EntryPoint","urlTemplate":"https:\/\/estheteclinic.com\/?s={search_term_string}"},"query-input":"required name=search_term_string"}],"inLanguage":"es"},{"@type":"Person","@id":"https:\/\/estheteclinic.com\/#\/schema\/person\/8cb4a12ad4902b5d63c39cc1848ad5c5","name":"wafaa","image":{"@type":"ImageObject","inLanguage":"es","@id":"https:\/\/estheteclinic.com\/#\/schema\/person\/image\/","url":"https:\/\/secure.gravatar.com\/avatar\/07080bd8a15823b1eedc34fdaefa0595d3186dbfaea174d042d4913de21ab4e2?s=96&d=mm&r=g","contentUrl":"https:\/\/secure.gravatar.com\/avatar\/07080bd8a15823b1eedc34fdaefa0595d3186dbfaea174d042d4913de21ab4e2?s=96&d=mm&r=g","caption":"wafaa"},"url":"https:\/\/estheteclinic.com\/es\/author\/wafaa\/"}]}},"_links":{"self":[{"href":"https:\/\/estheteclinic.com\/es\/wp-json\/wp\/v2\/posts\/11742","targetHints":{"allow":["GET"]}}],"collection":[{"href":"https:\/\/estheteclinic.com\/es\/wp-json\/wp\/v2\/posts"}],"about":[{"href":"https:\/\/estheteclinic.com\/es\/wp-json\/wp\/v2\/types\/post"}],"author":[{"embeddable":true,"href":"https:\/\/estheteclinic.com\/es\/wp-json\/wp\/v2\/users\/5"}],"replies":[{"embeddable":true,"href":"https:\/\/estheteclinic.com\/es\/wp-json\/wp\/v2\/comments?post=11742"}],"version-history":[{"count":3,"href":"https:\/\/estheteclinic.com\/es\/wp-json\/wp\/v2\/posts\/11742\/revisions"}],"predecessor-version":[{"id":13420,"href":"https:\/\/estheteclinic.com\/es\/wp-json\/wp\/v2\/posts\/11742\/revisions\/13420"}],"wp:featuredmedia":[{"embeddable":true,"href":"https:\/\/estheteclinic.com\/es\/wp-json\/wp\/v2\/media\/9807"}],"wp:attachment":[{"href":"https:\/\/estheteclinic.com\/es\/wp-json\/wp\/v2\/media?parent=11742"}],"wp:term":[{"taxonomy":"category","embeddable":true,"href":"https:\/\/estheteclinic.com\/es\/wp-json\/wp\/v2\/categories?post=11742"},{"taxonomy":"post_tag","embeddable":true,"href":"https:\/\/estheteclinic.com\/es\/wp-json\/wp\/v2\/tags?post=11742"}],"curies":[{"name":"wp","href":"https:\/\/api.w.org\/{rel}","templated":true}]}}