{"id":13340,"date":"2024-11-28T11:10:52","date_gmt":"2024-11-28T11:10:52","guid":{"rendered":"https:\/\/estheteclinic.com\/?p=13340"},"modified":"2024-11-28T12:15:32","modified_gmt":"2024-11-28T12:15:32","slug":"como-proteger-tu-cabello-de-la-alopecia-por-traccion","status":"publish","type":"post","link":"https:\/\/estheteclinic.com\/es\/como-proteger-tu-cabello-de-la-alopecia-por-traccion\/","title":{"rendered":"C\u00f3mo Proteger tu Cabello de la Alopecia por Tracci\u00f3n"},"content":{"rendered":"<p>\u00bfTe preocupa perder el cabello? La alopecia por tracci\u00f3n es un tipo de p\u00e9rdida de cabello que ocurre cuando te peinas con estilos demasiado ajustados. Esto puede da\u00f1ar los fol\u00edculos pilosos y hacer que se caigan.<br \/>\nEn este art\u00edculo, explicaremos qu\u00e9 es la alopecia por tracci\u00f3n, qu\u00e9 la causa y c\u00f3mo puede prevenirla. Tambi\u00e9n te daremos algunos consejos para mantener tu cabello sano y fuerte.<\/p>\n<h2>\u00bfQu\u00e9 es la alopecia por tracci\u00f3n?<\/h2>\n<p>La alopecia por tracci\u00f3n es la ca\u00edda del cabello causada por tirones constantes del cabello. Suele ocurrir con peinados ajustados como colas de caballo, trenzas o mo\u00f1os. A diferencia de otras formas de p\u00e9rdida de cabello, la alopecia por tracci\u00f3n a menudo es reversible si se detecta temprano y se maneja adecuadamente.<\/p>\n<h2>Causas de la alopecia por tracci\u00f3n<\/h2>\n<p>La alopecia por tracci\u00f3n ocurre cuando los peinados ejercen demasiada presi\u00f3n sobre los fol\u00edculos pilosos. Aqu\u00ed hay algunas causas comunes de ello:<\/p>\n<ul>\n<li><b>Accesorios para el cabello pesado<\/b>: el uso de accesorios para el cabello pesados o ajustados, como el\u00e1sticos o clips, puede contribuir a la alopecia por tracci\u00f3n al aplicar una presi\u00f3n innecesaria sobre el cabello.<\/li>\n<li><b>Peinados ajustados<\/b>: los peinados como colas de caballo, trenzas y mo\u00f1os que se usan apretados pueden tirar de las ra\u00edces del cabello y causar estr\u00e9s en los fol\u00edculos.<\/li>\n<li><b>Peinado frecuente<\/b>: cambiar el peinado con regularidad o usar herramientas de peinado excesivas puede exacerbar el problema, lo que lleva a una p\u00e9rdida de cabello m\u00e1s severa con el tiempo.<\/li>\n<li><b>Tratamientos qu\u00edmicos<\/b>: los tratamientos qu\u00edmicos frecuentes, como permanentes o relajantes, pueden debilitar el cabello y hacerlo m\u00e1s susceptible al da\u00f1o por tensi\u00f3n.<\/li>\n<li><b>Cuidado inadecuado del cabello<\/b>: el cepillado o peinado brusco, especialmente cuando el cabello est\u00e1 mojado, tambi\u00e9n puede provocar alopecia por tracci\u00f3n al causar estr\u00e9s mec\u00e1nico en el cabello.<\/li>\n<\/ul>\n<p>La alopecia por tracci\u00f3n se puede prevenir usando peinados m\u00e1s sueltos y evitando demasiada tensi\u00f3n en el cabello. Tomar medidas temprano puede ayudar a mantener tu cabello sano y evitar da\u00f1os duraderos.<\/p>\n<h2>S\u00edntomas de la alopecia por tracci\u00f3n<\/h2>\n<p>Detectar los signos de alopecia por tracci\u00f3n temprano es crucial para detener un da\u00f1o mayor. Los s\u00edntomas comunes son:<\/p>\n<ul>\n<li><b>Entradas<\/b>: un adelgazamiento notable del cabello a lo largo de la l\u00ednea del cabello, a menudo en las sienes o la frente.<\/li>\n<li><b>Adelgazamiento del cabello<\/b>: adelgazamiento gradual del cabello en las zonas donde se aplica tensi\u00f3n.<br \/>\nEnrojecimiento e inflamaci\u00f3n: las \u00e1reas afectadas pueden enrojecerse o inflamarse debido al estr\u00e9s en los fol\u00edculos.<\/li>\n<li><b>Bultos y llagas<\/b>: se pueden desarrollar peque\u00f1os bultos o llagas en el cuero cabelludo donde se tira del cabello con fuerza.<\/li>\n<li><b>P\u00e9rdida gradual del cabello<\/b>: a diferencia de la ca\u00edda repentina del cabello, la alopecia por tracci\u00f3n provoca un adelgazamiento gradual y ca\u00edda del cabello con el tiempo.<\/li>\n<\/ul>\n<p>Si observas estos signos, actuar r\u00e1pidamente, puedes ayudar a detener m\u00e1s la ca\u00edda del cabello y prevenir da\u00f1os mayores.<\/p>\n<p>Lee tambi\u00e9n :<a href=\"https:\/\/estheteclinic.com\/es\/que-es-el-adelgazamiento-difuso-y-como-prevenirlo\/\">\u00a0<\/a><a href=\"https:\/\/estheteclinic.com\/es\/que-es-el-adelgazamiento-difuso-y-como-prevenirlo\/\">\u00bfQu\u00e9 es el adelgazamiento difuso y c\u00f3mo prevenirlo?<\/a><\/p>\n<h2>Prevenci\u00f3n de la alopecia por tracci\u00f3n<\/h2>\n<p>Prevenir la alopecia por tracci\u00f3n implica hacer cambios en tus h\u00e1bitos de peinado y rutina de cuidado del cabello. Aqu\u00ed hay algunas estrategias efectivas para proteger tu cabello:<\/p>\n<ul>\n<li><b>Elige peinados m\u00e1s sueltos<\/b>: hazte peinados que no tiren con fuerza de tu cabello. Las colas de caballo, trenzas y mo\u00f1os sueltos pueden ayudar a reducir la tensi\u00f3n en los fol\u00edculos pilosos.<\/li>\n<li><b>Usa accesorios que sean gentiles con tu cabello<\/b>: evita los accesorios para el cabello pesados o apretados. Usa bandas el\u00e1sticas para el cabello no muy apretadas cubiertas de tela o clips que no ejerzan una tensi\u00f3n innecesaria en tu cabello.<\/li>\n<li><b>Limita la frecuencia de tu peinado<\/b>: dale descansos a tu cabello entre peinados ajustados. Los cambios frecuentes o los estilos ajustados pueden exacerbar la alopecia por tracci\u00f3n.<\/li>\n<li><b>Evita el calor excesivo y los productos qu\u00edmicos.<\/b>: limita el uso de herramientas de peinado con calor, como secadores de pelo y rizadores. Adem\u00e1s, evita los tratamientos qu\u00edmicos frecuentes que puedan debilitar tu cabello.<\/li>\n<li><b>Cuida adecuadamente tu cabello<\/b>: se gentil al cepillarse o peinarse el cabello. Usa un peine de dientes anchos para desenredar y evita cepillarte cuando tu cabello est\u00e9 mojado.<\/li>\n<li><b>Cuidado del cuero cabelludo<\/b>: mant\u00e9n tu cuero cabelludo sano manteniendo una buena higiene. Usa champ\u00fas y acondicionadores suaves para evitar la irritaci\u00f3n y promover un ambiente saludable en el cuero cabelludo.<\/li>\n<li style=\"font-weight: 400;\" aria-level=\"1\"><b>Masajea regularmente el cuero cabelludo<\/b>: masajear suavemente el cuero cabelludo puede mejorar la circulaci\u00f3n y fortalecer los fol\u00edculos pilosos, reduciendo potencialmente el riesgo de alopecia por tracci\u00f3n.<\/li>\n<\/ul>\n<p>Adoptar estas pr\u00e1cticas puede ayudar a mantener el cabello sano y evitar que se desarrolle o empeore la alopecia por tracci\u00f3n.<\/p>\n<h2>Soluciones para la alopecia por tracci\u00f3n<\/h2>\n<p>Si ya est\u00e1s experimentando alopecia por tracci\u00f3n, existen varias soluciones para ayudarte a controlar y potencialmente revertir la afecci\u00f3n:<\/p>\n<ul>\n<li><b>Modifica los h\u00e1bitos de peinado<\/b>: transici\u00f3n a peinados m\u00e1s sueltos y menos estresantes. Dale a tu cabello descansos regulares de estilos apretados para reducir la tensi\u00f3n continua.<\/li>\n<li><b>Consulta a un dermat\u00f3logo<\/b>: un dermat\u00f3logo puede brindarte asesoramiento profesional y tratamientos adaptados a tu afecci\u00f3n. Es posible que recomienden tratamientos t\u00f3picos o medicamentos para estimular el crecimiento del cabello.<\/li>\n<li><b>Usa productos para el crecimiento del cabello<\/b>: los productos de venta libre como el minoxidil pueden estimular el crecimiento del cabello y ayudar a fortalecer los fol\u00edculos debilitados.<\/li>\n<li><b>Dieta saludable<\/b>: mant\u00e9n una dieta equilibrada rica en vitaminas y minerales que respalden la salud del cabello, como biotina, hierro y vitamina D.<\/li>\n<li><b>Manejo del estr\u00e9s<\/b>: los altos niveles de estr\u00e9s pueden afectar la salud del cabello. Incorpore t\u00e9cnicas para aliviar el estr\u00e9s como ejercicio, meditaci\u00f3n o yoga en su rutina.<\/li>\n<li><b>Evita da\u00f1os mayores<\/b>: aseg\u00farate de no exponer tu cabello a da\u00f1os adicionales con tratamientos duros o peinados agresivos.<\/li>\n<\/ul>\n<h2>Preguntas frecuentes<\/h2>\n<h3>\u00bfCu\u00e1ndo es demasiado tarde para revertir la alopecia por tracci\u00f3n?<\/h3>\n<p>Si los fol\u00edculos pilosos han sufrido da\u00f1os graves o cicatrices, es posible que sea demasiado tarde para que el cabello vuelva a crecer. La intervenci\u00f3n temprana es clave para tener la mejor posibilidad de reversi\u00f3n.<\/p>\n<h3>\u00bfC\u00f3mo s\u00e9 si mi alopecia por tracci\u00f3n es permanente?<\/h3>\n<p>La alopecia por tracci\u00f3n permanente a menudo est\u00e1 indicada por una p\u00e9rdida de cabello extensa y a largo plazo en la que los fol\u00edculos est\u00e1n da\u00f1ados sin posibilidad de reparaci\u00f3n. Consultar a un dermat\u00f3logo puede ayudar a determinar la extensi\u00f3n del da\u00f1o.<\/p>\n<h3>\u00bfC\u00f3mo saber si la alopecia est\u00e1 mejorando?<\/h3>\n<p>Los signos de que la alopecia est\u00e1 mejorando incluyen el crecimiento de cabello nuevo en las \u00e1reas afectadas, enrojecimiento o inflamaci\u00f3n reducidos y adelgazamiento menos notable del cabello.<\/p>\n<h3>\u00bfPuede cambiar los peinados evitar que empeore la alopecia por tracci\u00f3n?<\/h3>\n<p>S\u00ed, cambiar a peinados m\u00e1s sueltos y evitar accesorios ajustados o pesados puede ayudar a prevenir el empeoramiento de la alopecia por tracci\u00f3n y permitir que el cabello se recupere.<\/p>\n<h3>\u00bfCu\u00e1les son algunos productos para el crecimiento del cabello efectivos para la alopecia por tracci\u00f3n?<\/h3>\n<p>Los productos como el minoxidil pueden estimular el crecimiento del cabello y se usan com\u00fanmente para tratar la alopecia por tracci\u00f3n. Siempre consulte con un proveedor de atenci\u00f3n m\u00e9dica antes de comenzar cualquier tratamiento nuevo.<\/p>\n<h3>La conclusi\u00f3n<\/h3>\n<p>La alopecia por tracci\u00f3n es una forma prevenible de p\u00e9rdida de cabello que resulta de la tensi\u00f3n constante en los fol\u00edculos pilosos. Al comprender las causas y los s\u00edntomas, e implementar medidas preventivas, puedes proteger tu cabello y mantenerte saludable. Ajustar tus h\u00e1bitos de peinado, usar accesorios sutiles y cuidar tu cuero cabelludo puede contribuir en gran medida a prevenir y controlar la alopecia por tracci\u00f3n. Si experimentas s\u00edntomas, busca asesoramiento profesional para explorar opciones de tratamiento y apoyar la recuperaci\u00f3n de tu cabello.<br \/>\nTomar medidas proactivas para cuidar su cabello y evitar pr\u00e1cticas que causen estr\u00e9s innecesario en sus fol\u00edculos puede ayudarte a mantener un cabello sano y vibrante.<br \/>\nRecuerda, las pr\u00e1cticas saludables para el cabello no se tratan solo de la apariencia, sino tambi\u00e9n de la salud general del cuero cabelludo y el cabello.<\/p>\n","protected":false},"excerpt":{"rendered":"<p>\u00bfTe preocupa perder el cabello? La alopecia por tracci\u00f3n es un tipo de p\u00e9rdida de cabello que ocurre cuando te peinas con estilos demasiado ajustados. Esto puede da\u00f1ar los fol\u00edculos pilosos y hacer que se caigan. En este art\u00edculo, explicaremos qu\u00e9 es la alopecia por tracci\u00f3n, qu\u00e9 la causa y c\u00f3mo puede prevenirla. Tambi\u00e9n te&#8230;<\/p>\n","protected":false},"author":5,"featured_media":13253,"comment_status":"open","ping_status":"open","sticky":false,"template":"","format":"standard","meta":{"footnotes":""},"categories":[132],"tags":[141],"class_list":["post-13340","post","type-post","status-publish","format-standard","has-post-thumbnail","hentry","category-tratamientos-capilares","tag-trasplante-capilar"],"yoast_head":"<!-- This site is optimized with the Yoast SEO plugin v23.0 - https:\/\/yoast.com\/wordpress\/plugins\/seo\/ -->\n<title>C\u00f3mo Proteger tu Cabello de la Alopecia por Tracci\u00f3n - Inicio<\/title>\n<meta name=\"robots\" content=\"index, follow, max-snippet:-1, max-image-preview:large, max-video-preview:-1\" \/>\n<link rel=\"canonical\" href=\"https:\/\/estheteclinic.com\/es\/como-proteger-tu-cabello-de-la-alopecia-por-traccion\/\" \/>\n<meta property=\"og:locale\" content=\"es_ES\" \/>\n<meta property=\"og:type\" content=\"article\" \/>\n<meta property=\"og:title\" content=\"C\u00f3mo Proteger tu Cabello de la Alopecia por Tracci\u00f3n - Inicio\" \/>\n<meta property=\"og:description\" content=\"\u00bfTe preocupa perder el cabello? La alopecia por tracci\u00f3n es un tipo de p\u00e9rdida de cabello que ocurre cuando te peinas con estilos demasiado ajustados. Esto puede da\u00f1ar los fol\u00edculos pilosos y hacer que se caigan. En este art\u00edculo, explicaremos qu\u00e9 es la alopecia por tracci\u00f3n, qu\u00e9 la causa y c\u00f3mo puede prevenirla. Tambi\u00e9n te...\" \/>\n<meta property=\"og:url\" content=\"https:\/\/estheteclinic.com\/es\/como-proteger-tu-cabello-de-la-alopecia-por-traccion\/\" \/>\n<meta property=\"og:site_name\" content=\"Inicio\" \/>\n<meta property=\"article:published_time\" content=\"2024-11-28T11:10:52+00:00\" \/>\n<meta property=\"article:modified_time\" content=\"2024-11-28T12:15:32+00:00\" \/>\n<meta property=\"og:image\" content=\"https:\/\/estheteclinic.com\/wp-content\/uploads\/2024\/10\/traction-alopecia.webp\" \/>\n\t<meta property=\"og:image:width\" content=\"2560\" \/>\n\t<meta property=\"og:image:height\" content=\"1707\" \/>\n\t<meta property=\"og:image:type\" content=\"image\/webp\" \/>\n<meta name=\"author\" content=\"wafaa\" \/>\n<meta name=\"twitter:card\" content=\"summary_large_image\" \/>\n<meta name=\"twitter:label1\" content=\"Escrito por\" \/>\n\t<meta name=\"twitter:data1\" content=\"wafaa\" \/>\n\t<meta name=\"twitter:label2\" content=\"Tiempo de lectura\" \/>\n\t<meta name=\"twitter:data2\" content=\"6 minutos\" \/>\n<script type=\"application\/ld+json\" class=\"yoast-schema-graph\">{\"@context\":\"https:\/\/schema.org\",\"@graph\":[{\"@type\":\"WebPage\",\"@id\":\"https:\/\/estheteclinic.com\/es\/como-proteger-tu-cabello-de-la-alopecia-por-traccion\/\",\"url\":\"https:\/\/estheteclinic.com\/es\/como-proteger-tu-cabello-de-la-alopecia-por-traccion\/\",\"name\":\"C\u00f3mo Proteger tu Cabello de la Alopecia por Tracci\u00f3n - Inicio\",\"isPartOf\":{\"@id\":\"https:\/\/estheteclinic.com\/#website\"},\"primaryImageOfPage\":{\"@id\":\"https:\/\/estheteclinic.com\/es\/como-proteger-tu-cabello-de-la-alopecia-por-traccion\/#primaryimage\"},\"image\":{\"@id\":\"https:\/\/estheteclinic.com\/es\/como-proteger-tu-cabello-de-la-alopecia-por-traccion\/#primaryimage\"},\"thumbnailUrl\":\"https:\/\/estheteclinic.com\/wp-content\/uploads\/2024\/10\/traction-alopecia.webp\",\"datePublished\":\"2024-11-28T11:10:52+00:00\",\"dateModified\":\"2024-11-28T12:15:32+00:00\",\"author\":{\"@id\":\"https:\/\/estheteclinic.com\/#\/schema\/person\/8cb4a12ad4902b5d63c39cc1848ad5c5\"},\"breadcrumb\":{\"@id\":\"https:\/\/estheteclinic.com\/es\/como-proteger-tu-cabello-de-la-alopecia-por-traccion\/#breadcrumb\"},\"inLanguage\":\"es\",\"potentialAction\":[{\"@type\":\"ReadAction\",\"target\":[\"https:\/\/estheteclinic.com\/es\/como-proteger-tu-cabello-de-la-alopecia-por-traccion\/\"]}]},{\"@type\":\"ImageObject\",\"inLanguage\":\"es\",\"@id\":\"https:\/\/estheteclinic.com\/es\/como-proteger-tu-cabello-de-la-alopecia-por-traccion\/#primaryimage\",\"url\":\"https:\/\/estheteclinic.com\/wp-content\/uploads\/2024\/10\/traction-alopecia.webp\",\"contentUrl\":\"https:\/\/estheteclinic.com\/wp-content\/uploads\/2024\/10\/traction-alopecia.webp\",\"width\":2560,\"height\":1707,\"caption\":\"What is traction alopecia\"},{\"@type\":\"BreadcrumbList\",\"@id\":\"https:\/\/estheteclinic.com\/es\/como-proteger-tu-cabello-de-la-alopecia-por-traccion\/#breadcrumb\",\"itemListElement\":[{\"@type\":\"ListItem\",\"position\":1,\"name\":\"Home\",\"item\":\"https:\/\/estheteclinic.com\/es\/\"},{\"@type\":\"ListItem\",\"position\":2,\"name\":\"C\u00f3mo Proteger tu Cabello de la Alopecia por Tracci\u00f3n\"}]},{\"@type\":\"WebSite\",\"@id\":\"https:\/\/estheteclinic.com\/#website\",\"url\":\"https:\/\/estheteclinic.com\/\",\"name\":\"Inicio\",\"description\":\"Plastic Surgery &amp; Hair Transplant in Turkey\",\"potentialAction\":[{\"@type\":\"SearchAction\",\"target\":{\"@type\":\"EntryPoint\",\"urlTemplate\":\"https:\/\/estheteclinic.com\/?s={search_term_string}\"},\"query-input\":\"required name=search_term_string\"}],\"inLanguage\":\"es\"},{\"@type\":\"Person\",\"@id\":\"https:\/\/estheteclinic.com\/#\/schema\/person\/8cb4a12ad4902b5d63c39cc1848ad5c5\",\"name\":\"wafaa\",\"image\":{\"@type\":\"ImageObject\",\"inLanguage\":\"es\",\"@id\":\"https:\/\/estheteclinic.com\/#\/schema\/person\/image\/\",\"url\":\"https:\/\/secure.gravatar.com\/avatar\/07080bd8a15823b1eedc34fdaefa0595d3186dbfaea174d042d4913de21ab4e2?s=96&d=mm&r=g\",\"contentUrl\":\"https:\/\/secure.gravatar.com\/avatar\/07080bd8a15823b1eedc34fdaefa0595d3186dbfaea174d042d4913de21ab4e2?s=96&d=mm&r=g\",\"caption\":\"wafaa\"},\"url\":\"https:\/\/estheteclinic.com\/es\/author\/wafaa\/\"}]}<\/script>\n<!-- \/ Yoast SEO plugin. -->","yoast_head_json":{"title":"C\u00f3mo Proteger tu Cabello de la Alopecia por Tracci\u00f3n - Inicio","robots":{"index":"index","follow":"follow","max-snippet":"max-snippet:-1","max-image-preview":"max-image-preview:large","max-video-preview":"max-video-preview:-1"},"canonical":"https:\/\/estheteclinic.com\/es\/como-proteger-tu-cabello-de-la-alopecia-por-traccion\/","og_locale":"es_ES","og_type":"article","og_title":"C\u00f3mo Proteger tu Cabello de la Alopecia por Tracci\u00f3n - Inicio","og_description":"\u00bfTe preocupa perder el cabello? La alopecia por tracci\u00f3n es un tipo de p\u00e9rdida de cabello que ocurre cuando te peinas con estilos demasiado ajustados. Esto puede da\u00f1ar los fol\u00edculos pilosos y hacer que se caigan. En este art\u00edculo, explicaremos qu\u00e9 es la alopecia por tracci\u00f3n, qu\u00e9 la causa y c\u00f3mo puede prevenirla. Tambi\u00e9n te...","og_url":"https:\/\/estheteclinic.com\/es\/como-proteger-tu-cabello-de-la-alopecia-por-traccion\/","og_site_name":"Inicio","article_published_time":"2024-11-28T11:10:52+00:00","article_modified_time":"2024-11-28T12:15:32+00:00","og_image":[{"width":2560,"height":1707,"url":"https:\/\/estheteclinic.com\/wp-content\/uploads\/2024\/10\/traction-alopecia.webp","type":"image\/webp"}],"author":"wafaa","twitter_card":"summary_large_image","twitter_misc":{"Escrito por":"wafaa","Tiempo de lectura":"6 minutos"},"schema":{"@context":"https:\/\/schema.org","@graph":[{"@type":"WebPage","@id":"https:\/\/estheteclinic.com\/es\/como-proteger-tu-cabello-de-la-alopecia-por-traccion\/","url":"https:\/\/estheteclinic.com\/es\/como-proteger-tu-cabello-de-la-alopecia-por-traccion\/","name":"C\u00f3mo Proteger tu Cabello de la Alopecia por Tracci\u00f3n - Inicio","isPartOf":{"@id":"https:\/\/estheteclinic.com\/#website"},"primaryImageOfPage":{"@id":"https:\/\/estheteclinic.com\/es\/como-proteger-tu-cabello-de-la-alopecia-por-traccion\/#primaryimage"},"image":{"@id":"https:\/\/estheteclinic.com\/es\/como-proteger-tu-cabello-de-la-alopecia-por-traccion\/#primaryimage"},"thumbnailUrl":"https:\/\/estheteclinic.com\/wp-content\/uploads\/2024\/10\/traction-alopecia.webp","datePublished":"2024-11-28T11:10:52+00:00","dateModified":"2024-11-28T12:15:32+00:00","author":{"@id":"https:\/\/estheteclinic.com\/#\/schema\/person\/8cb4a12ad4902b5d63c39cc1848ad5c5"},"breadcrumb":{"@id":"https:\/\/estheteclinic.com\/es\/como-proteger-tu-cabello-de-la-alopecia-por-traccion\/#breadcrumb"},"inLanguage":"es","potentialAction":[{"@type":"ReadAction","target":["https:\/\/estheteclinic.com\/es\/como-proteger-tu-cabello-de-la-alopecia-por-traccion\/"]}]},{"@type":"ImageObject","inLanguage":"es","@id":"https:\/\/estheteclinic.com\/es\/como-proteger-tu-cabello-de-la-alopecia-por-traccion\/#primaryimage","url":"https:\/\/estheteclinic.com\/wp-content\/uploads\/2024\/10\/traction-alopecia.webp","contentUrl":"https:\/\/estheteclinic.com\/wp-content\/uploads\/2024\/10\/traction-alopecia.webp","width":2560,"height":1707,"caption":"What is traction alopecia"},{"@type":"BreadcrumbList","@id":"https:\/\/estheteclinic.com\/es\/como-proteger-tu-cabello-de-la-alopecia-por-traccion\/#breadcrumb","itemListElement":[{"@type":"ListItem","position":1,"name":"Home","item":"https:\/\/estheteclinic.com\/es\/"},{"@type":"ListItem","position":2,"name":"C\u00f3mo Proteger tu Cabello de la Alopecia por Tracci\u00f3n"}]},{"@type":"WebSite","@id":"https:\/\/estheteclinic.com\/#website","url":"https:\/\/estheteclinic.com\/","name":"Inicio","description":"Plastic Surgery &amp; Hair Transplant in Turkey","potentialAction":[{"@type":"SearchAction","target":{"@type":"EntryPoint","urlTemplate":"https:\/\/estheteclinic.com\/?s={search_term_string}"},"query-input":"required name=search_term_string"}],"inLanguage":"es"},{"@type":"Person","@id":"https:\/\/estheteclinic.com\/#\/schema\/person\/8cb4a12ad4902b5d63c39cc1848ad5c5","name":"wafaa","image":{"@type":"ImageObject","inLanguage":"es","@id":"https:\/\/estheteclinic.com\/#\/schema\/person\/image\/","url":"https:\/\/secure.gravatar.com\/avatar\/07080bd8a15823b1eedc34fdaefa0595d3186dbfaea174d042d4913de21ab4e2?s=96&d=mm&r=g","contentUrl":"https:\/\/secure.gravatar.com\/avatar\/07080bd8a15823b1eedc34fdaefa0595d3186dbfaea174d042d4913de21ab4e2?s=96&d=mm&r=g","caption":"wafaa"},"url":"https:\/\/estheteclinic.com\/es\/author\/wafaa\/"}]}},"_links":{"self":[{"href":"https:\/\/estheteclinic.com\/es\/wp-json\/wp\/v2\/posts\/13340","targetHints":{"allow":["GET"]}}],"collection":[{"href":"https:\/\/estheteclinic.com\/es\/wp-json\/wp\/v2\/posts"}],"about":[{"href":"https:\/\/estheteclinic.com\/es\/wp-json\/wp\/v2\/types\/post"}],"author":[{"embeddable":true,"href":"https:\/\/estheteclinic.com\/es\/wp-json\/wp\/v2\/users\/5"}],"replies":[{"embeddable":true,"href":"https:\/\/estheteclinic.com\/es\/wp-json\/wp\/v2\/comments?post=13340"}],"version-history":[{"count":1,"href":"https:\/\/estheteclinic.com\/es\/wp-json\/wp\/v2\/posts\/13340\/revisions"}],"predecessor-version":[{"id":13341,"href":"https:\/\/estheteclinic.com\/es\/wp-json\/wp\/v2\/posts\/13340\/revisions\/13341"}],"wp:featuredmedia":[{"embeddable":true,"href":"https:\/\/estheteclinic.com\/es\/wp-json\/wp\/v2\/media\/13253"}],"wp:attachment":[{"href":"https:\/\/estheteclinic.com\/es\/wp-json\/wp\/v2\/media?parent=13340"}],"wp:term":[{"taxonomy":"category","embeddable":true,"href":"https:\/\/estheteclinic.com\/es\/wp-json\/wp\/v2\/categories?post=13340"},{"taxonomy":"post_tag","embeddable":true,"href":"https:\/\/estheteclinic.com\/es\/wp-json\/wp\/v2\/tags?post=13340"}],"curies":[{"name":"wp","href":"https:\/\/api.w.org\/{rel}","templated":true}]}}